{"id":1508,"date":"2019-03-28T14:15:18","date_gmt":"2019-03-28T17:15:18","guid":{"rendered":"http:\/\/sinpol-assinpol.com.br\/site\/?p=1508"},"modified":"2019-03-28T14:15:49","modified_gmt":"2019-03-28T17:15:49","slug":"parabens-investigador-aposentado","status":"publish","type":"post","link":"https:\/\/sinpol-assinpol.com.br\/site\/2019\/03\/28\/parabens-investigador-aposentado\/","title":{"rendered":"Parab\u00e9ns Investigador Aposentado!"},"content":{"rendered":"\n<figure class=\"wp-block-image\"><img loading=\"lazy\" decoding=\"async\" width=\"1024\" height=\"1024\" src=\"https:\/\/sinpol-assinpol.com.br\/site\/wp-content\/uploads\/2019\/03\/Sem-t\u00edtulo-1-1-1024x1024.png\" alt=\"\" class=\"wp-image-1510\" srcset=\"https:\/\/sinpol-assinpol.com.br\/site\/wp-content\/uploads\/2019\/03\/Sem-t\u00edtulo-1-1-1024x1024.png 1024w, https:\/\/sinpol-assinpol.com.br\/site\/wp-content\/uploads\/2019\/03\/Sem-t\u00edtulo-1-1-150x150.png 150w, https:\/\/sinpol-assinpol.com.br\/site\/wp-content\/uploads\/2019\/03\/Sem-t\u00edtulo-1-1-300x300.png 300w, https:\/\/sinpol-assinpol.com.br\/site\/wp-content\/uploads\/2019\/03\/Sem-t\u00edtulo-1-1-768x768.png 768w, https:\/\/sinpol-assinpol.com.br\/site\/wp-content\/uploads\/2019\/03\/Sem-t\u00edtulo-1-1-70x70.png 70w\" sizes=\"(max-width: 1024px) 100vw, 1024px\" \/><figcaption><br><br><\/figcaption><\/figure>\n\n\n\n<h2 class=\"wp-block-heading\"><\/h2>\n\n\n\n<p>Hoje quinta-feira (28) \u00e9\ncomemorado o Dia Estadual do Policial Civil Aposentado. Dia honroso este, que\nfoi institu\u00eddo pela Lei Estadual n\u00b0 9.434\/2010<\/p>\n\n\n\n<p>O Sindicato dos\nInvestigadores e a Associa\u00e7\u00e3o dos Investigadores de Pol\u00edcia do Espirito Santo,\nparabenizam \u00e0 todos os Investigadores Aposentados pela participa\u00e7\u00e3o marcante na\nPol\u00edcia Civil.<\/p>\n\n\n\n<p><\/p>\n","protected":false},"excerpt":{"rendered":"<p>Hoje quinta-feira (28) \u00e9 comemorado o Dia Estadual do Policial Civil Aposentado. Dia honroso este, que foi institu\u00eddo pela Lei Estadual n\u00b0 9.434\/2010 O Sindicato dos Investigadores e a Associa\u00e7\u00e3o dos Investigadores de Pol\u00edcia do Espirito Santo, parabenizam \u00e0 todos os Investigadores Aposentados pela participa\u00e7\u00e3o marcante na Pol\u00edcia Civil.<\/p>\n","protected":false},"author":1,"featured_media":1510,"comment_status":"open","ping_status":"open","sticky":false,"template":"","format":"standard","meta":{"_et_pb_use_builder":"","_et_pb_old_content":"","_et_gb_content_width":"","footnotes":""},"categories":[1],"tags":[],"class_list":["post-1508","post","type-post","status-publish","format-standard","has-post-thumbnail","hentry","category-noticias","et-has-post-format-content","et_post_format-et-post-format-standard"],"_links":{"self":[{"href":"https:\/\/sinpol-assinpol.com.br\/site\/wp-json\/wp\/v2\/posts\/1508","targetHints":{"allow":["GET"]}}],"collection":[{"href":"https:\/\/sinpol-assinpol.com.br\/site\/wp-json\/wp\/v2\/posts"}],"about":[{"href":"https:\/\/sinpol-assinpol.com.br\/site\/wp-json\/wp\/v2\/types\/post"}],"author":[{"embeddable":true,"href":"https:\/\/sinpol-assinpol.com.br\/site\/wp-json\/wp\/v2\/users\/1"}],"replies":[{"embeddable":true,"href":"https:\/\/sinpol-assinpol.com.br\/site\/wp-json\/wp\/v2\/comments?post=1508"}],"version-history":[{"count":2,"href":"https:\/\/sinpol-assinpol.com.br\/site\/wp-json\/wp\/v2\/posts\/1508\/revisions"}],"predecessor-version":[{"id":1512,"href":"https:\/\/sinpol-assinpol.com.br\/site\/wp-json\/wp\/v2\/posts\/1508\/revisions\/1512"}],"wp:featuredmedia":[{"embeddable":true,"href":"https:\/\/sinpol-assinpol.com.br\/site\/wp-json\/wp\/v2\/media\/1510"}],"wp:attachment":[{"href":"https:\/\/sinpol-assinpol.com.br\/site\/wp-json\/wp\/v2\/media?parent=1508"}],"wp:term":[{"taxonomy":"category","embeddable":true,"href":"https:\/\/sinpol-assinpol.com.br\/site\/wp-json\/wp\/v2\/categories?post=1508"},{"taxonomy":"post_tag","embeddable":true,"href":"https:\/\/sinpol-assinpol.com.br\/site\/wp-json\/wp\/v2\/tags?post=1508"}],"curies":[{"name":"wp","href":"https:\/\/api.w.org\/{rel}","templated":true}]}}