{"id":1748,"date":"2019-08-28T15:11:05","date_gmt":"2019-08-28T18:11:05","guid":{"rendered":"http:\/\/sinpol-assinpol.com.br\/site\/?p=1748"},"modified":"2019-08-28T15:11:05","modified_gmt":"2019-08-28T18:11:05","slug":"esclarecimentos-sobre-o-projeto-opc-do-sindipol","status":"publish","type":"post","link":"https:\/\/sinpol-assinpol.com.br\/site\/2019\/08\/28\/esclarecimentos-sobre-o-projeto-opc-do-sindipol\/","title":{"rendered":"ESCLARECIMENTOS SOBRE O PROJETO &#8220;OPC&#8221; DO SINDIPOL"},"content":{"rendered":"\n<figure class=\"wp-block-image\"><img loading=\"lazy\" decoding=\"async\" width=\"1024\" height=\"502\" src=\"https:\/\/sinpol-assinpol.com.br\/site\/wp-content\/uploads\/2019\/08\/nota-de-esclarecimento-1024x502.png\" alt=\"\" class=\"wp-image-1749\" srcset=\"https:\/\/sinpol-assinpol.com.br\/site\/wp-content\/uploads\/2019\/08\/nota-de-esclarecimento.png 1024w, https:\/\/sinpol-assinpol.com.br\/site\/wp-content\/uploads\/2019\/08\/nota-de-esclarecimento-300x147.png 300w, https:\/\/sinpol-assinpol.com.br\/site\/wp-content\/uploads\/2019\/08\/nota-de-esclarecimento-768x377.png 768w, https:\/\/sinpol-assinpol.com.br\/site\/wp-content\/uploads\/2019\/08\/nota-de-esclarecimento-365x180.png 365w\" sizes=\"(max-width: 1024px) 100vw, 1024px\" \/><\/figure>\n\n\n\n<p>A respeito do que fora propugnado em jornal de grande circula\u00e7\u00e3o a respeito de projeto de cria\u00e7\u00e3o de cargo \u00fanico na estrutura da Pol\u00edcia Civil do Esp\u00edrito Santo, inspirado com base na Federa\u00e7\u00e3o Nacional dos Policiais Federais &#8211; FENAPEF, temos o seguinte a esclarecer:<\/p>\n\n\n\n<ol class=\"wp-block-list\"><li>Esta ideia j\u00e1 fora veiculada desde 2016, sendo recha\u00e7ada em todos os Estados e no pr\u00f3prio Minist\u00e9rio da Justi\u00e7a por ser inconstitucional e afrontar diametralmente a S\u00famula Vinculante n\u00ba 43, que veda qualquer transposi\u00e7\u00e3o de cargos com atribui\u00e7\u00f5es originariamente distintas, remunera\u00e7\u00f5es diferentes e requisitos de ingresso igualmente distintos, por provimento derivado sem concurso, inclusive mediante incorpora\u00e7\u00e3o ou aglutina\u00e7\u00e3o, justamente o que \u00e9 proposto em tal conceito que cria o &#8220;oficial de pol\u00edcia civil&#8221;. Justamente por isso, o SINDEPES, a ADEPOL-ES, a ASSINPOL, o SINPOL e o SINDIPERITOS s\u00e3o cr\u00edticos e contr\u00e1rios, pois n\u00e3o se pode advogar como evolu\u00e7\u00e3o conceitos e ideias que s\u00e3o incompat\u00edveis com a Constitui\u00e7\u00e3o Federal e \u00e0 legalidade.<\/li><li>Ao contr\u00e1rio do que fora veiculado no site do SINDIPOL em nota de rep\u00fadio especificamente dirigida a nossas entidades, o cargo de &#8220;oficial de pol\u00edcia civil&#8217; n\u00e3o foi institucionalizado na estrutura da Pol\u00edcia Civil do Cear\u00e1 por qualquer lei, nem em outro Estado nacional. Ademais, a vers\u00e3o da Lei Geral das Pol\u00edcias Civis proposta pelo Minist\u00e9rio da Justi\u00e7a n\u00e3o apresenta qualquer direcionamento neste sentido, ao contr\u00e1rio, estipula como norma geral que a institucionaliza\u00e7\u00e3o de 4 cargos: Delegado de Pol\u00edcia; Inspetor de Pol\u00edcia; Escriv\u00e3o de Pol\u00edcia; Perito Oficial, sem preju\u00edzo de cargos espec\u00edficos criados por cada ente federativo com atribui\u00e7\u00f5es pr\u00f3prias.<\/li><li>O foco da luta e desejo de todas as categorias da pol\u00edcia civil neste cen\u00e1rio cr\u00edtico \u00e9 VALORIZA\u00c7\u00c3O SALARIAL, algo que estamos buscando de modo uniforme para todas as categorias na Frente Unificada Salarial PCES-PMES-CBMES. Portanto, lament\u00e1vel neste momento e circunst\u00e2ncia fazer difus\u00e3o de uma proposta inconstitucional e invi\u00e1vel na ordem jur\u00eddica e institucional nacional que desfoca o principal: valoriza\u00e7\u00e3o salarial para todas as categorias policiais!<\/li><li>Tal como j\u00e1 expresso em outras ocasi\u00f5es, n\u00e3o somos contr\u00e1rios ao n\u00edvel  superior dos agentes (o grande foco do projeto &#8220;OPC&#8221;). Por\u00e9m a valoriza\u00e7\u00e3o deste cargo deve ocorrer dentro da legalidade constitucional e mediante entendimento com a categoria diretamente atingida, os investigadores de pol\u00edcia. Ademais, estabelecer &#8216;cargo \u00fanico&#8221; na PCES \u00e9 um debate superado em esfera nacional, quando se busca especializa\u00e7\u00f5es e maior valoriza\u00e7\u00e3o das diferentes carreiras que integram as pol\u00edcias judici\u00e1rias. Afinal, seria gerencialmente cr\u00edtico do ponto de vista  administrativo imaginar um antigo investigador sendo obrigado a lavrar procedimentos de pol\u00edcia judici\u00e1ria ou acautelar materiais apreendidos, atribui\u00e7\u00f5es as quais n\u00e3o s\u00e3o origin\u00e1rias ao cargo, bem como escriv\u00e3es de pol\u00edcia se verem vinculados a cumprir ordens de servi\u00e7o externas ou entregar intima\u00e7\u00f5es, aliado \u00e0 sobrecarga que adviria com a conjun\u00e7\u00e3o de tantas atribui\u00e7\u00f5es.<\/li><li>Por derradeiro, manifestamos nosso comprometimento pleno com a valoriza\u00e7\u00e3o SALARIAL de todas as categorias policiais, tal como proposto na Frente Unificada. <\/li><\/ol>\n\n\n\n<p>As Diretorias,<\/p>\n\n\n\n<p>SINDEPES<\/p>\n\n\n\n<p>ADEPOL<\/p>\n\n\n\n<p>ASSINPOL<\/p>\n\n\n\n<p>SINPOL<\/p>\n","protected":false},"excerpt":{"rendered":"<p>A respeito do que fora propugnado em jornal de grande circula\u00e7\u00e3o a respeito de projeto de cria\u00e7\u00e3o de cargo \u00fanico na estrutura da Pol\u00edcia Civil do Esp\u00edrito Santo, inspirado com base na Federa\u00e7\u00e3o Nacional dos Policiais Federais &#8211; FENAPEF, temos o seguinte a esclarecer: Esta ideia j\u00e1 fora veiculada desde 2016, sendo recha\u00e7ada em todos [&hellip;]<\/p>\n","protected":false},"author":1,"featured_media":1749,"comment_status":"open","ping_status":"open","sticky":false,"template":"","format":"standard","meta":{"_et_pb_use_builder":"","_et_pb_old_content":"","_et_gb_content_width":"","footnotes":""},"categories":[1],"tags":[],"class_list":["post-1748","post","type-post","status-publish","format-standard","has-post-thumbnail","hentry","category-noticias","et-has-post-format-content","et_post_format-et-post-format-standard"],"_links":{"self":[{"href":"https:\/\/sinpol-assinpol.com.br\/site\/wp-json\/wp\/v2\/posts\/1748","targetHints":{"allow":["GET"]}}],"collection":[{"href":"https:\/\/sinpol-assinpol.com.br\/site\/wp-json\/wp\/v2\/posts"}],"about":[{"href":"https:\/\/sinpol-assinpol.com.br\/site\/wp-json\/wp\/v2\/types\/post"}],"author":[{"embeddable":true,"href":"https:\/\/sinpol-assinpol.com.br\/site\/wp-json\/wp\/v2\/users\/1"}],"replies":[{"embeddable":true,"href":"https:\/\/sinpol-assinpol.com.br\/site\/wp-json\/wp\/v2\/comments?post=1748"}],"version-history":[{"count":1,"href":"https:\/\/sinpol-assinpol.com.br\/site\/wp-json\/wp\/v2\/posts\/1748\/revisions"}],"predecessor-version":[{"id":1750,"href":"https:\/\/sinpol-assinpol.com.br\/site\/wp-json\/wp\/v2\/posts\/1748\/revisions\/1750"}],"wp:featuredmedia":[{"embeddable":true,"href":"https:\/\/sinpol-assinpol.com.br\/site\/wp-json\/wp\/v2\/media\/1749"}],"wp:attachment":[{"href":"https:\/\/sinpol-assinpol.com.br\/site\/wp-json\/wp\/v2\/media?parent=1748"}],"wp:term":[{"taxonomy":"category","embeddable":true,"href":"https:\/\/sinpol-assinpol.com.br\/site\/wp-json\/wp\/v2\/categories?post=1748"},{"taxonomy":"post_tag","embeddable":true,"href":"https:\/\/sinpol-assinpol.com.br\/site\/wp-json\/wp\/v2\/tags?post=1748"}],"curies":[{"name":"wp","href":"https:\/\/api.w.org\/{rel}","templated":true}]}}