{"id":895,"date":"2017-12-12T12:27:52","date_gmt":"2017-12-12T14:27:52","guid":{"rendered":"http:\/\/sinpol-assinpol.com.br\/site\/?p=895"},"modified":"2017-12-12T12:28:25","modified_gmt":"2017-12-12T14:28:25","slug":"feipol-sudeste-promove-confeipol-extraordinaria","status":"publish","type":"post","link":"https:\/\/sinpol-assinpol.com.br\/site\/2017\/12\/12\/feipol-sudeste-promove-confeipol-extraordinaria\/","title":{"rendered":"Feipol Sudeste promove Confeipol Extraordin\u00e1ria"},"content":{"rendered":"<p style=\"text-align: justify;\"><strong><u>Congresso Extraordin\u00e1rio Interestadual da Feipol Sudeste foi realizado dias 07 e 08 de dezembro na Ch\u00e1cara do Sinpol, em Ribeir\u00e3o Preto<\/u><\/strong><\/p>\n<p><img loading=\"lazy\" decoding=\"async\" class=\"size-full wp-image-897 aligncenter\" src=\"http:\/\/sinpol-assinpol.com.br\/site\/wp-content\/uploads\/2017\/12\/thumbnail_image012.jpg\" alt=\"\" width=\"512\" height=\"301\" srcset=\"https:\/\/sinpol-assinpol.com.br\/site\/wp-content\/uploads\/2017\/12\/thumbnail_image012.jpg 512w, https:\/\/sinpol-assinpol.com.br\/site\/wp-content\/uploads\/2017\/12\/thumbnail_image012-300x176.jpg 300w\" sizes=\"(max-width: 512px) 100vw, 512px\" \/><\/p>\n<p style=\"text-align: justify;\">A Feipol Sudeste (Federa\u00e7\u00e3o Interestadual dos Trabalhadores Policiais Civis da Regi\u00e3o Sudeste) realizou, nos dias 07 e 08 de dezembro de 2017, a Confeipol Sudeste (Congresso Extraordin\u00e1rio Interestadual da Feipol Sudeste). O evento foi realizado pela Feipol Sudeste, pelo Sinpol de Ribeir\u00e3o Preto e pelo Sinpol de Campinas e contou com o apoio da Cobrapol (Confedera\u00e7\u00e3o Brasileira de Trabalhadores Policiais Civis) e da Nova Central Sindical.<u><\/u><u><\/u><\/p>\n<p style=\"text-align: justify;\">A sede do encontro foi a Ch\u00e1cara do Sinpol, em Ribeir\u00e3o Preto. Segundo o presidente da Feipol Sudeste e do Sinpol Campinas, Aparecido Lima de Carvalho, o Kiko, a escolha do local se deu pela for\u00e7a do Sinpol de Ribeir\u00e3o Preto na luta pela defesa dos direitos dos trabalhadores policiais civis. &#8220;Ribeir\u00e3o Preto tem um dos sindicatos mais fortes e atuantes. \u00c9 filiado \u00e0 Feipol Sudeste, seu presidente \u00e9 muito bem quisto por todos no Estado de S\u00e3o Paulo e no Brasil tamb\u00e9m respeitado pela vasta experi\u00eancia no sindicalismo, onde \u00e9 uma grande lideran\u00e7a&#8221;, explicou Kiko.<u><\/u><u><\/u><\/p>\n<p style=\"text-align: justify;\">O presidente do Sinpol Ribeir\u00e3o Preto, Eumauri L\u00facio da Mata, destacou a import\u00e2ncia do evento e disse feliz por poder promover na sede de campo do sindicato. &#8220;Vivemos um momento muito dif\u00edcil. O governo n\u00e3o negocia, est\u00e1 estra\u00e7alhando a Institui\u00e7\u00e3o Pol\u00edcia Civil, com grande falta de recursos humanos. N\u00e3o recebemos um centavo sequer de reposi\u00e7\u00e3o das perdas h\u00e1 quatro anos. Perdemos, de acordo com o Supremo, o direito \u00e0 greve. Se n\u00e3o nos organizarmos, ser\u00e1 o fim da Pol\u00edcia Civil. E ficamos orgulhosos de poder receber lideran\u00e7as de todo o Brasil na nossa Ch\u00e1cara do Sinpol&#8221;, acrescentou Eumauri.<u><\/u><u><\/u><\/p>\n<p style=\"text-align: justify;\">Al\u00e9m de Kiko e Eumauri, participaram Antonio Fialho Garcia J\u00fanior, do Sinpol Esp\u00edrito Santo; Andr\u00e9 Luiz Gutierrez, presidente da Cobrapol; Val\u00e9rio S. Valente, da Nova Central no estado de Minas Gerais; Ademilson A. A. Batista, da Feipol Sul; Divinato da Consola\u00e7\u00e3o, da Feipol Con do Distrito Federal; Celso Jos\u00e9 Pereira, do Sincopol Mar\u00edlia; M\u00e1rcio Pino, do Sinpolsan; Bertone Trist\u00e3o, do Sindep Minas Gerais; Jarim Lopes Roseira, presidente da IPA; al\u00e9m dos diretores do Sinpol: C\u00e9lio Antonio Santiago, F\u00e1tima Aparecida Silva e J\u00falio Cesar Machado, representando o presidente Giancarlo Corr\u00eaa Miranda do Sinpol do Mato Grosso do Sul, Max Dourado Azambuja Andrade e Rildo Rodrigues Maranh\u00e3o e demais diretores das entidades presentes.<u><\/u><u><\/u><\/p>\n<p style=\"text-align: justify;\">Foram palestrantes do Congresso Extraordin\u00e1rio da Confeipol Sudeste;<u><\/u><u><\/u><\/p>\n<p style=\"text-align: justify;\">PL 3831\/15 &#8211; Ernani Batista Lucena\u00a0 (Feipol Con)<u><\/u><u><\/u><\/p>\n<p style=\"text-align: justify;\">Projeto de Lei Org\u00e2nica Nacional \u2013 Evandro dos Santos Baroto (Cobrapol)<u><\/u><u><\/u><\/p>\n<p style=\"text-align: justify;\"><u><\/u>\u00a0<img loading=\"lazy\" decoding=\"async\" class=\"size-full wp-image-898 aligncenter\" src=\"http:\/\/sinpol-assinpol.com.br\/site\/wp-content\/uploads\/2017\/12\/thumbnail_image014.jpg\" alt=\"\" width=\"511\" height=\"343\" srcset=\"https:\/\/sinpol-assinpol.com.br\/site\/wp-content\/uploads\/2017\/12\/thumbnail_image014.jpg 511w, https:\/\/sinpol-assinpol.com.br\/site\/wp-content\/uploads\/2017\/12\/thumbnail_image014-300x201.jpg 300w\" sizes=\"(max-width: 511px) 100vw, 511px\" \/><u><\/u><\/p>\n<p style=\"text-align: justify;\">O encontro serviu para debater dois temas de extrema import\u00e2ncia para os policiais civis: o Projeto de Lei 3831\/2015 e a minuta do projeto da Lei Org\u00e2nica Nacional da Pol\u00edcia Civil da Cobrapol. Para Kiko, essa quest\u00e3o \u00e9 de grande import\u00e2ncia para uniformizar a nomenclatura de cargos da Pol\u00edcia Civil em todo o pa\u00eds. Visto que h\u00e1 uma grande diversidade de nomenclaturas pelo Brasil. H\u00e1 casos, por exemplo, de um mesmo cargo ser denominado por diversas nomenclaturas, como \u00e9 o caso do investigador de pol\u00edcia, que \u00e9 tamb\u00e9m denominado de inspetor, detetive, comiss\u00e1rio e que se aprovada, a Pol\u00edcia Civil ganharia uma identidade o que hoje n\u00e3o existe no \u00e2mbito nacional e desta forma facilitaria sobremaneira a negocia\u00e7\u00e3o em todo o pa\u00eds.\u00a0 Al\u00e9m de unificar a nomenclatura, a Lei Org\u00e2nica tamb\u00e9m prev\u00ea uma antiga aspira\u00e7\u00e3o de toda categoria que \u00e9 a carreira \u00fanica que \u00e9 fundamental para ganhar for\u00e7a e identidade como policiais civis&#8221;, pontua Kiko.<u><\/u><u><\/u><\/p>\n<p style=\"text-align: justify;\">O PL 3831\/2015 foi bastante debatido entre os participantes. Este projeto j\u00e1 foi aprovado pelo Congresso Nacional e espera ser sancionado pelo presidente Michel Temer. Ele trata da negocia\u00e7\u00e3o coletiva para o funcionalismo p\u00fablico, inclusive para os policiais civis. &#8220;E caso seja sancionado pelo presidente &#8211; o que esperamos -, vai abrir as portas para que possamos efetivamente negociar sal\u00e1rios, planos de sa\u00fade e condi\u00e7\u00f5es de trabalho, exatamente como \u00e9 feito pela iniciativa privada. N\u00e3o da forma unilateral, como \u00e9 feito atualmente, onde o governo decide quando e quanto dar de aumento&#8221;.<u><\/u><u><\/u><\/p>\n<p style=\"text-align: justify;\">Outro item pautado para a Confeipol Extraordin\u00e1ria foi Revis\u00e3o Estatut\u00e1ria que ap\u00f3s discutido pela plen\u00e1ria n\u00e3o foram aprovadas ficando para serem melhores debatidas na pr\u00f3xima Confeipol.<u><\/u><u><\/u><\/p>\n<p style=\"text-align: justify;\">Os participantes debateram com veem\u00eancia os temas propostos. Foram dois dias de extrema import\u00e2ncia para os rumos da Pol\u00edcia Civil para se firmar com uma entidade nacional atrav\u00e9s de um projeto de Lei Org\u00e2nica Nacional e do PL 3831\/15 que se aprovado na sua forma original abrir\u00e1 portas em iguais condi\u00e7\u00f5es da iniciativa privada. Com isto sairia mais forte a Institui\u00e7\u00e3o Pol\u00edcia Civil a n\u00edvel Nacional e Estadual. O \u00faltimo ato da Confeipol Sudeste foi a posse do Conselho Deliberativo das Entidades Filiadas. A julgar pela disposi\u00e7\u00e3o dos participantes, a Pol\u00edcia Civil sai mais forte e unida deste encontro.<u><\/u><u><\/u><\/p>\n<p style=\"text-align: justify;\"><b><i>Por: Adalberto Luque<\/i><\/b><\/p>\n<p style=\"text-align: justify;\"><img loading=\"lazy\" decoding=\"async\" class=\"size-full wp-image-896 aligncenter\" src=\"http:\/\/sinpol-assinpol.com.br\/site\/wp-content\/uploads\/2017\/12\/download.png\" alt=\"\" width=\"347\" height=\"498\" srcset=\"https:\/\/sinpol-assinpol.com.br\/site\/wp-content\/uploads\/2017\/12\/download.png 347w, https:\/\/sinpol-assinpol.com.br\/site\/wp-content\/uploads\/2017\/12\/download-209x300.png 209w\" sizes=\"(max-width: 347px) 100vw, 347px\" \/><\/p>\n","protected":false},"excerpt":{"rendered":"<p>Congresso Extraordin\u00e1rio Interestadual da Feipol Sudeste foi realizado dias 07 e 08 de dezembro na Ch\u00e1cara do Sinpol, em Ribeir\u00e3o Preto A Feipol Sudeste (Federa\u00e7\u00e3o Interestadual dos Trabalhadores Policiais Civis da Regi\u00e3o Sudeste) realizou, nos dias 07 e 08 de dezembro de 2017, a Confeipol Sudeste (Congresso Extraordin\u00e1rio Interestadual da Feipol Sudeste). O evento foi [&hellip;]<\/p>\n","protected":false},"author":1,"featured_media":897,"comment_status":"open","ping_status":"open","sticky":false,"template":"","format":"standard","meta":{"_et_pb_use_builder":"","_et_pb_old_content":"","_et_gb_content_width":"","footnotes":""},"categories":[1],"tags":[],"class_list":["post-895","post","type-post","status-publish","format-standard","has-post-thumbnail","hentry","category-noticias","et-has-post-format-content","et_post_format-et-post-format-standard"],"_links":{"self":[{"href":"https:\/\/sinpol-assinpol.com.br\/site\/wp-json\/wp\/v2\/posts\/895","targetHints":{"allow":["GET"]}}],"collection":[{"href":"https:\/\/sinpol-assinpol.com.br\/site\/wp-json\/wp\/v2\/posts"}],"about":[{"href":"https:\/\/sinpol-assinpol.com.br\/site\/wp-json\/wp\/v2\/types\/post"}],"author":[{"embeddable":true,"href":"https:\/\/sinpol-assinpol.com.br\/site\/wp-json\/wp\/v2\/users\/1"}],"replies":[{"embeddable":true,"href":"https:\/\/sinpol-assinpol.com.br\/site\/wp-json\/wp\/v2\/comments?post=895"}],"version-history":[{"count":3,"href":"https:\/\/sinpol-assinpol.com.br\/site\/wp-json\/wp\/v2\/posts\/895\/revisions"}],"predecessor-version":[{"id":901,"href":"https:\/\/sinpol-assinpol.com.br\/site\/wp-json\/wp\/v2\/posts\/895\/revisions\/901"}],"wp:featuredmedia":[{"embeddable":true,"href":"https:\/\/sinpol-assinpol.com.br\/site\/wp-json\/wp\/v2\/media\/897"}],"wp:attachment":[{"href":"https:\/\/sinpol-assinpol.com.br\/site\/wp-json\/wp\/v2\/media?parent=895"}],"wp:term":[{"taxonomy":"category","embeddable":true,"href":"https:\/\/sinpol-assinpol.com.br\/site\/wp-json\/wp\/v2\/categories?post=895"},{"taxonomy":"post_tag","embeddable":true,"href":"https:\/\/sinpol-assinpol.com.br\/site\/wp-json\/wp\/v2\/tags?post=895"}],"curies":[{"name":"wp","href":"https:\/\/api.w.org\/{rel}","templated":true}]}}